{"id":277,"date":"2019-09-16T06:42:22","date_gmt":"2019-09-16T06:42:22","guid":{"rendered":"http:\/\/maindok.net\/?p=277"},"modified":"2020-05-24T14:51:59","modified_gmt":"2020-05-24T14:51:59","slug":"segeltoern-grenaa-kiel","status":"publish","type":"post","link":"https:\/\/maindok.net\/?p=277","title":{"rendered":"Segelt\u00f6rn Grenaa-Kiel"},"content":{"rendered":"\n<p>Am Freitag-Nachmittag sah ich den Eintrag auf der Seite \u201eHand-gegen-Koje\u201c, dass jemand zum Mitsegeln f\u00fcr eine Boots\u00fcberf\u00fchrung nach der Sommersaison zur\u00fcck nach Kiel gesucht wird. Am Abend sa\u00df ich im Flieger nach Aalborg. Nachdem mein Gep\u00e4ck beim Umsteigen nicht angekommen war, kam ich ca. 0:30 Uhr in Gredaa auf dem Schiff an.<\/p>\n\n\n\n<figure class=\"wp-block-image\"><img loading=\"lazy\" decoding=\"async\" width=\"768\" height=\"1024\" src=\"https:\/\/maindok.net\/wp-content\/uploads\/2019\/09\/BD12CFD9-D666-40A6-BBC0-906B74C60544-e1569849648903-768x1024.jpeg\" alt=\"\" class=\"wp-image-283\" srcset=\"https:\/\/maindok.net\/wp-content\/uploads\/2019\/09\/BD12CFD9-D666-40A6-BBC0-906B74C60544-e1569849648903-768x1024.jpeg 768w, https:\/\/maindok.net\/wp-content\/uploads\/2019\/09\/BD12CFD9-D666-40A6-BBC0-906B74C60544-e1569849648903-225x300.jpeg 225w, https:\/\/maindok.net\/wp-content\/uploads\/2019\/09\/BD12CFD9-D666-40A6-BBC0-906B74C60544-e1569849648903.jpeg 1500w\" sizes=\"auto, (max-width: 768px) 100vw, 768px\" \/><figcaption>Das Schiff m Hafen von Grenaa, D\u00e4nemark<\/figcaption><\/figure>\n\n\n\n<figure class=\"wp-block-image\"><img loading=\"lazy\" decoding=\"async\" width=\"834\" height=\"1024\" src=\"https:\/\/maindok.net\/wp-content\/uploads\/2019\/09\/datei-16.09.19-08-27-52-834x1024.png\" alt=\"\" class=\"wp-image-276\" srcset=\"https:\/\/maindok.net\/wp-content\/uploads\/2019\/09\/datei-16.09.19-08-27-52-834x1024.png 834w, https:\/\/maindok.net\/wp-content\/uploads\/2019\/09\/datei-16.09.19-08-27-52-244x300.png 244w, https:\/\/maindok.net\/wp-content\/uploads\/2019\/09\/datei-16.09.19-08-27-52-768x943.png 768w, https:\/\/maindok.net\/wp-content\/uploads\/2019\/09\/datei-16.09.19-08-27-52.png 1223w\" sizes=\"auto, (max-width: 834px) 100vw, 834px\" \/><figcaption>Segelt\u00f6rn Grenaa, DK nach Kiel, D<\/figcaption><\/figure>\n","protected":false},"excerpt":{"rendered":"<p>Am Freitag-Nachmittag sah ich den Eintrag auf der Seite \u201eHand-gegen-Koje\u201c, dass jemand zum Mitsegeln f\u00fcr eine Boots\u00fcberf\u00fchrung nach der Sommersaison zur\u00fcck nach Kiel gesucht wird. Am Abend sa\u00df ich im Flieger nach Aalborg. Nachdem mein Gep\u00e4ck beim Umsteigen nicht angekommen war, kam ich ca. 0:30 Uhr in Gredaa auf dem Schiff an.<\/p>\n","protected":false},"author":1,"featured_media":286,"comment_status":"open","ping_status":"open","sticky":false,"template":"","format":"standard","meta":{"jetpack_post_was_ever_published":false,"_jetpack_newsletter_access":"","_jetpack_dont_email_post_to_subs":false,"_jetpack_newsletter_tier_id":0,"_jetpack_memberships_contains_paywalled_content":false,"_jetpack_memberships_contains_paid_content":false,"footnotes":"","jetpack_publicize_message":"","jetpack_publicize_feature_enabled":true,"jetpack_social_post_already_shared":true,"jetpack_social_options":{"image_generator_settings":{"template":"highway","default_image_id":0,"font":"","enabled":false},"version":2}},"categories":[10],"tags":[],"class_list":["post-277","post","type-post","status-publish","format-standard","has-post-thumbnail","hentry","category-segeln"],"jetpack_publicize_connections":[],"jetpack_featured_media_url":"https:\/\/maindok.net\/wp-content\/uploads\/2019\/09\/9F09F0CF-2364-4DD9-BC60-2365E0C2C25A-e1569850083892.jpeg","jetpack_sharing_enabled":true,"jetpack_shortlink":"https:\/\/wp.me\/payEf1-4t","_links":{"self":[{"href":"https:\/\/maindok.net\/index.php?rest_route=\/wp\/v2\/posts\/277","targetHints":{"allow":["GET"]}}],"collection":[{"href":"https:\/\/maindok.net\/index.php?rest_route=\/wp\/v2\/posts"}],"about":[{"href":"https:\/\/maindok.net\/index.php?rest_route=\/wp\/v2\/types\/post"}],"author":[{"embeddable":true,"href":"https:\/\/maindok.net\/index.php?rest_route=\/wp\/v2\/users\/1"}],"replies":[{"embeddable":true,"href":"https:\/\/maindok.net\/index.php?rest_route=%2Fwp%2Fv2%2Fcomments&post=277"}],"version-history":[{"count":6,"href":"https:\/\/maindok.net\/index.php?rest_route=\/wp\/v2\/posts\/277\/revisions"}],"predecessor-version":[{"id":363,"href":"https:\/\/maindok.net\/index.php?rest_route=\/wp\/v2\/posts\/277\/revisions\/363"}],"wp:featuredmedia":[{"embeddable":true,"href":"https:\/\/maindok.net\/index.php?rest_route=\/wp\/v2\/media\/286"}],"wp:attachment":[{"href":"https:\/\/maindok.net\/index.php?rest_route=%2Fwp%2Fv2%2Fmedia&parent=277"}],"wp:term":[{"taxonomy":"category","embeddable":true,"href":"https:\/\/maindok.net\/index.php?rest_route=%2Fwp%2Fv2%2Fcategories&post=277"},{"taxonomy":"post_tag","embeddable":true,"href":"https:\/\/maindok.net\/index.php?rest_route=%2Fwp%2Fv2%2Ftags&post=277"}],"curies":[{"name":"wp","href":"https:\/\/api.w.org\/{rel}","templated":true}]}}